{"id":1725,"date":"2021-02-11T09:57:56","date_gmt":"2021-02-11T08:57:56","guid":{"rendered":"https:\/\/ericlomba.be\/wp\/?p=1725"},"modified":"2021-02-11T12:06:03","modified_gmt":"2021-02-11T11:06:03","slug":"un-decret-qui-vise-a-simplifier-temporairement-les-demarches-necessitant-un-medecin-en-cas-de-deces","status":"publish","type":"post","link":"https:\/\/ericlomba.be\/wp\/un-decret-qui-vise-a-simplifier-temporairement-les-demarches-necessitant-un-medecin-en-cas-de-deces\/","title":{"rendered":"Un d\u00e9cret qui vise \u00e0 simplifier temporairement les d\u00e9marches n\u00e9cessitant un m\u00e9decin, en cas de d\u00e9c\u00e8s"},"content":{"rendered":"<p>Il existe une proc\u00e9dure, en mati\u00e8re de d\u00e9c\u00e8s, qui exige l&rsquo;intervention de DEUX m\u00e9decins : le premier (habituellement, le m\u00e9decin traitant) qui constate le d\u00e9c\u00e8s, et un second qui doit produire un rapport qui v\u00e9rifie les causes du d\u00e9c\u00e8s. Or la crise sanitaire que nous traversons met \u00e0 rude \u00e9preuve le personnel m\u00e9dical, ce n&rsquo;est pas un scoop. Les m\u00e9decins devraient donc pouvoir s&rsquo;occuper en priorit\u00e9 des patients : si on souhaite que la Covid 19 soit endigu\u00e9e le plus rapidement possible, il faut permettre un d\u00e9ploiement maximal et prioritaire des m\u00e9decins.<\/p>\n<p>C&rsquo;est la raison pour laquelle, avec mes coll\u00e8gues Laurent Devin, Jacqueline Galant, Rodrigue Demeuse, Jean-Paul Wahl et St\u00e9phane Haz\u00e9e, j&rsquo;ai d\u00e9pos\u00e9 une proposition de d\u00e9cret visant \u00e0 simplifier les d\u00e9marches des pouvoirs locaux et des entreprises de pompes fun\u00e8bres. Le but est de pr\u00e9voir une d\u00e9rogation \u00e0 l\u2019obligation d\u2019inclure le rapport d\u2019un m\u00e9decin asserment\u00e9 pour examiner les causes de d\u00e9c\u00e8s. Cette d\u00e9rogation ne concerne que les d\u00e9c\u00e8s survenus \u00e0 l\u2019h\u00f4pital ou les d\u00e9c\u00e8s survenus hors de l\u2019h\u00f4pital mais pour lesquels le m\u00e9decin traitant ou le m\u00e9decin constatant le d\u00e9c\u00e8s confirme que le d\u00e9c\u00e8s est la cons\u00e9quence d&rsquo;une maladie infectieuse. Nous souhaitions au d\u00e9part que cette d\u00e9rogation s\u2019\u00e9tende jusqu\u2019au 31 d\u00e9cembre 2021, mais suite \u00e0 une discussion en Commission, nous avons estim\u00e9 pr\u00e9f\u00e9rable de ramener ce d\u00e9lai d&rsquo;exception \u00e0 trois mois, soit jusqu&rsquo;au 1<sup>er<\/sup> juin.<\/p>\n<p>Voici donc le texte d\u00e9finitif qui sera publi\u00e9 au <em>Moniteur belge :<\/em><\/p>\n<blockquote>\n<p style=\"text-align: center;\"><strong>D\u00c9CRET<\/strong><\/p>\n<p style=\"text-align: center;\"><strong>portant d\u00e9rogation \u00e0 l\u2019article L1232-24, \u00a71<sup>er<\/sup>, alin\u00e9a 2, du Code de la d\u00e9mocratie locale et de la d\u00e9centralisation relatif \u00e0 la constatation de la cause du d\u00e9c\u00e8s par un m\u00e9decin<\/strong><\/p>\n<p style=\"text-align: center;\">Le Parlement wallon a adopt\u00e9 et Nous, Gouvernement wallon, sanctionnons ce qui suit :<\/p>\n<p><strong>Article 1<sup>er<\/sup><\/strong><\/p>\n<p>Jusqu&rsquo;au 1<sup>er<\/sup> juin 2021, par d\u00e9rogation \u00e0 l\u2019article L1232-24, \u00a71<sup>er<\/sup>, alin\u00e9a 2, du Code de la d\u00e9mocratie locale et de la d\u00e9centralisation, il n\u2019est pas obligatoire d\u2019inclure le rapport d\u2019un m\u00e9decin asserment\u00e9 qui a \u00e9t\u00e9 d\u00e9sign\u00e9 par l\u2019officier de l\u2019\u00e9tat civil ou par ses fonctionnaires habilit\u00e9s de l\u2019administration communale pour v\u00e9rifier les causes du d\u00e9c\u00e8s.<\/p>\n<p>La d\u00e9rogation vis\u00e9e \u00e0 l&rsquo;alin\u00e9a 1<sup>er<\/sup> ne s&rsquo;applique que lorsque :<\/p>\n<p>1\u00b0 le d\u00e9c\u00e8s a lieu \u00e0 l\u2019h\u00f4pital ;<\/p>\n<p>2\u00b0 le d\u00e9c\u00e8s a lieu hors de l\u2019h\u00f4pital et que le m\u00e9decin traitant ou le m\u00e9decin constatant le d\u00e9c\u00e8s confirme que le d\u00e9c\u00e8s est la cons\u00e9quence d&rsquo;une maladie infectieuse.<\/p>\n<p><strong>Art. 2<\/strong><\/p>\n<p>Le pr\u00e9sent d\u00e9cret entre en vigueur le jour de sa promulgation par le Gouvernement wallon.<\/p><\/blockquote>\n","protected":false},"excerpt":{"rendered":"<p>Il existe une proc\u00e9dure, en mati\u00e8re de d\u00e9c\u00e8s, qui exige l&rsquo;intervention de DEUX m\u00e9decins : le premier (habituellement, le m\u00e9decin traitant) qui constate le d\u00e9c\u00e8s, et un second qui doit produire un rapport qui v\u00e9rifie les causes du d\u00e9c\u00e8s. Or la crise sanitaire que nous traversons met \u00e0 rude \u00e9preuve le personnel m\u00e9dical, ce n&rsquo;est &hellip;<\/p>\n<p class=\"read-more\"> <a class=\"\" href=\"https:\/\/ericlomba.be\/wp\/un-decret-qui-vise-a-simplifier-temporairement-les-demarches-necessitant-un-medecin-en-cas-de-deces\/\"> <span class=\"screen-reader-text\">Un d\u00e9cret qui vise \u00e0 simplifier temporairement les d\u00e9marches n\u00e9cessitant un m\u00e9decin, en cas de d\u00e9c\u00e8s<\/span> Read More \u00bb<\/a><\/p>\n","protected":false},"author":2,"featured_media":1731,"comment_status":"closed","ping_status":"closed","sticky":false,"template":"","format":"standard","meta":{"site-sidebar-layout":"default","site-content-layout":"default","ast-site-content-layout":"","site-content-style":"default","site-sidebar-style":"default","ast-global-header-display":"","ast-banner-title-visibility":"","ast-main-header-display":"","ast-hfb-above-header-display":"","ast-hfb-below-header-display":"","ast-hfb-mobile-header-display":"","site-post-title":"","ast-breadcrumbs-content":"","ast-featured-img":"","footer-sml-layout":"","theme-transparent-header-meta":"default","adv-header-id-meta":"","stick-header-meta":"default","header-above-stick-meta":"","header-main-stick-meta":"","header-below-stick-meta":"","astra-migrate-meta-layouts":"default","ast-page-background-enabled":"default","ast-page-background-meta":{"desktop":{"background-color":"","background-image":"","background-repeat":"repeat","background-position":"center center","background-size":"auto","background-attachment":"scroll","background-type":"","background-media":"","overlay-type":"","overlay-color":"","overlay-gradient":""},"tablet":{"background-color":"","background-image":"","background-repeat":"repeat","background-position":"center center","background-size":"auto","background-attachment":"scroll","background-type":"","background-media":"","overlay-type":"","overlay-color":"","overlay-gradient":""},"mobile":{"background-color":"","background-image":"","background-repeat":"repeat","background-position":"center center","background-size":"auto","background-attachment":"scroll","background-type":"","background-media":"","overlay-type":"","overlay-color":"","overlay-gradient":""}},"ast-content-background-meta":{"desktop":{"background-color":"var(--ast-global-color-5)","background-image":"","background-repeat":"repeat","background-position":"center center","background-size":"auto","background-attachment":"scroll","background-type":"","background-media":"","overlay-type":"","overlay-color":"","overlay-gradient":""},"tablet":{"background-color":"var(--ast-global-color-5)","background-image":"","background-repeat":"repeat","background-position":"center center","background-size":"auto","background-attachment":"scroll","background-type":"","background-media":"","overlay-type":"","overlay-color":"","overlay-gradient":""},"mobile":{"background-color":"var(--ast-global-color-5)","background-image":"","background-repeat":"repeat","background-position":"center center","background-size":"auto","background-attachment":"scroll","background-type":"","background-media":"","overlay-type":"","overlay-color":"","overlay-gradient":""}},"_jetpack_memberships_contains_paid_content":false,"footnotes":"","jetpack_publicize_message":"Un d\u00e9cret qui vise \u00e0 simplifier temporairement les d\u00e9marches n\u00e9cessitant un m\u00e9decin, en cas de d\u00e9c\u00e8s","jetpack_publicize_feature_enabled":true,"jetpack_social_post_already_shared":true,"jetpack_social_options":{"image_generator_settings":{"template":"highway","default_image_id":0,"font":"","enabled":false},"version":2}},"categories":[2],"tags":[],"class_list":["post-1725","post","type-post","status-publish","format-standard","has-post-thumbnail","hentry","category-parlement-wallon"],"jetpack_publicize_connections":[],"jetpack_featured_media_url":"https:\/\/ericlomba.be\/wp\/wp-content\/uploads\/2021\/02\/stethoscope-doctor-medical-1584223.jpg","jetpack_sharing_enabled":true,"_links":{"self":[{"href":"https:\/\/ericlomba.be\/wp\/wp-json\/wp\/v2\/posts\/1725","targetHints":{"allow":["GET"]}}],"collection":[{"href":"https:\/\/ericlomba.be\/wp\/wp-json\/wp\/v2\/posts"}],"about":[{"href":"https:\/\/ericlomba.be\/wp\/wp-json\/wp\/v2\/types\/post"}],"author":[{"embeddable":true,"href":"https:\/\/ericlomba.be\/wp\/wp-json\/wp\/v2\/users\/2"}],"replies":[{"embeddable":true,"href":"https:\/\/ericlomba.be\/wp\/wp-json\/wp\/v2\/comments?post=1725"}],"version-history":[{"count":6,"href":"https:\/\/ericlomba.be\/wp\/wp-json\/wp\/v2\/posts\/1725\/revisions"}],"predecessor-version":[{"id":1734,"href":"https:\/\/ericlomba.be\/wp\/wp-json\/wp\/v2\/posts\/1725\/revisions\/1734"}],"wp:featuredmedia":[{"embeddable":true,"href":"https:\/\/ericlomba.be\/wp\/wp-json\/wp\/v2\/media\/1731"}],"wp:attachment":[{"href":"https:\/\/ericlomba.be\/wp\/wp-json\/wp\/v2\/media?parent=1725"}],"wp:term":[{"taxonomy":"category","embeddable":true,"href":"https:\/\/ericlomba.be\/wp\/wp-json\/wp\/v2\/categories?post=1725"},{"taxonomy":"post_tag","embeddable":true,"href":"https:\/\/ericlomba.be\/wp\/wp-json\/wp\/v2\/tags?post=1725"}],"curies":[{"name":"wp","href":"https:\/\/api.w.org\/{rel}","templated":true}]}}