{"id":1779,"date":"2021-03-09T10:36:59","date_gmt":"2021-03-09T09:36:59","guid":{"rendered":"https:\/\/ericlomba.be\/wp\/?p=1779"},"modified":"2021-03-10T12:38:05","modified_gmt":"2021-03-10T11:38:05","slug":"accords-du-non-marchand-suite-ma-question-au-ministre-president-pierre-yves-jeholet","status":"publish","type":"post","link":"https:\/\/ericlomba.be\/wp\/accords-du-non-marchand-suite-ma-question-au-ministre-president-pierre-yves-jeholet\/","title":{"rendered":"Accords du non-marchand (suite) : ma question au ministre-pr\u00e9sident Pierre-Yves Jeholet"},"content":{"rendered":"<p>Le 24 f\u00e9vrier dernier, j&rsquo;interpellais le Ministre-Pr\u00e9sident Pierre-Yves JEHOLET \u00e0 propos des accords du non-marchand. \u00c0 l&rsquo;issue de cet \u00e9change, je m&rsquo;\u00e9tais engag\u00e9 \u00e0 suivre le dossier, ce que j&rsquo;ai eu l&rsquo;occasion de faire le 8 mars :<\/p>\n<p><strong>La rencontre du 25 f\u00e9vrier, annonc\u00e9e par le Ministre-Pr\u00e9sident, a bien eu lieu. Le Gouvernement a pu y donner des orientations et des perspectives aux travailleurs du secteur non-marchand.<\/strong><\/p>\n<p>Une prime unique d&rsquo;encouragement destin\u00e9e aux secteurs les plus sollicit\u00e9s durant la pand\u00e9mie y a ainsi \u00e9t\u00e9 annonc\u00e9e, ainsi que le financement de ces mesures sectorielles (enfance et aide \u00e0 la jeunesse) \u00e0 hauteur de 8 millions d&rsquo;euros, ce qui est \u00e9videmment r\u00e9jouissant.<\/p>\n<p><strong>J&rsquo;ai toutefois demand\u00e9 au Ministre-Pr\u00e9sident de confirmer ces informations en Commission du Parlement, mais \u00e9galement de pr\u00e9ciser les modalit\u00e9s d&rsquo;octroi de cette prime, ainsi qu&rsquo;un calendrier pr\u00e9visionnel des \u00e9tapes \u00e0 venir.<\/strong><\/p>\n<p>Dans sa r\u00e9ponse, le Ministre-Pr\u00e9sident JEHOLET a confirm\u00e9 ces informations. Il a \u00e9galement confirm\u00e9 l&rsquo;effort financier important d\u00e9cid\u00e9 par le Gouvernement destin\u00e9 \u00e0 soutenir ces secteurs et les emplois li\u00e9s, mais n&rsquo;a pas encore \u00e9t\u00e9 en mesure d&rsquo;annoncer des modalit\u00e9s d&rsquo;octroi d\u00e9finitives, ces derni\u00e8res faisant encore \u00e0 l&rsquo;heure actuelle l&rsquo;objet de r\u00e9flexions et de d\u00e9bats. J&rsquo;ai donc confirm\u00e9 \u00e0 mon tour ma volont\u00e9 de suivre ce dossier de tr\u00e8s pr\u00e8s tout en encourageant le Ministre-Pr\u00e9sident (et, \u00e0 travers lui, tout le Gouvernement) \u00e0 tout mettre en \u0153uvre pour trouver un accord durable, structurel et positif pour le secteur non-marchand.<\/p>\n<p>D\u00e9couvrez ici l&rsquo;int\u00e9gralit\u00e9 de la s\u00e9ance de la Commission des Affaires g\u00e9n\u00e9rales, des Relations internationales, du R\u00e8glement et du Contr\u00f4le des communications des membres du Gouvernement du 8 mars (la question \u00e9voqu\u00e9e ci-dessus est \u00e0 01:36:31) :<\/p>\n<p><iframe src=\"https:\/\/www.youtube.com\/embed\/ickDGsH-KeE?start=5791\" width=\"560\" height=\"315\" frameborder=\"0\" allowfullscreen=\"allowfullscreen\"><\/iframe><\/p>\n<p>Lors de cette m\u00eame s\u00e9ance, j&rsquo;ai \u00e9galement interpell\u00e9 le Ministre-Pr\u00e9sident \u00e0 propos du <em>\u00ab\u00a0<span class=\"\">Futur accord sectoriel relatif \u00e0 la programmation sociale dans l\u2019enseignement\u00a0\u00bb<\/span>,<\/em> qui fera l&rsquo;objet d&rsquo;un futur article.<\/p>\n","protected":false},"excerpt":{"rendered":"<p>Le 24 f\u00e9vrier dernier, j&rsquo;interpellais le Ministre-Pr\u00e9sident Pierre-Yves JEHOLET \u00e0 propos des accords du non-marchand. \u00c0 l&rsquo;issue de cet \u00e9change, je m&rsquo;\u00e9tais engag\u00e9 \u00e0 suivre le dossier, ce que j&rsquo;ai eu l&rsquo;occasion de faire le 8 mars : La rencontre du 25 f\u00e9vrier, annonc\u00e9e par le Ministre-Pr\u00e9sident, a bien eu lieu. Le Gouvernement a pu &hellip;<\/p>\n<p class=\"read-more\"> <a class=\"\" href=\"https:\/\/ericlomba.be\/wp\/accords-du-non-marchand-suite-ma-question-au-ministre-president-pierre-yves-jeholet\/\"> <span class=\"screen-reader-text\">Accords du non-marchand (suite) : ma question au ministre-pr\u00e9sident Pierre-Yves Jeholet<\/span> Read More \u00bb<\/a><\/p>\n","protected":false},"author":2,"featured_media":1782,"comment_status":"closed","ping_status":"closed","sticky":false,"template":"","format":"standard","meta":{"site-sidebar-layout":"default","site-content-layout":"default","ast-site-content-layout":"","site-content-style":"default","site-sidebar-style":"default","ast-global-header-display":"","ast-banner-title-visibility":"","ast-main-header-display":"","ast-hfb-above-header-display":"","ast-hfb-below-header-display":"","ast-hfb-mobile-header-display":"","site-post-title":"","ast-breadcrumbs-content":"","ast-featured-img":"","footer-sml-layout":"","theme-transparent-header-meta":"default","adv-header-id-meta":"","stick-header-meta":"default","header-above-stick-meta":"","header-main-stick-meta":"","header-below-stick-meta":"","astra-migrate-meta-layouts":"default","ast-page-background-enabled":"default","ast-page-background-meta":{"desktop":{"background-color":"","background-image":"","background-repeat":"repeat","background-position":"center center","background-size":"auto","background-attachment":"scroll","background-type":"","background-media":"","overlay-type":"","overlay-color":"","overlay-gradient":""},"tablet":{"background-color":"","background-image":"","background-repeat":"repeat","background-position":"center center","background-size":"auto","background-attachment":"scroll","background-type":"","background-media":"","overlay-type":"","overlay-color":"","overlay-gradient":""},"mobile":{"background-color":"","background-image":"","background-repeat":"repeat","background-position":"center center","background-size":"auto","background-attachment":"scroll","background-type":"","background-media":"","overlay-type":"","overlay-color":"","overlay-gradient":""}},"ast-content-background-meta":{"desktop":{"background-color":"var(--ast-global-color-5)","background-image":"","background-repeat":"repeat","background-position":"center center","background-size":"auto","background-attachment":"scroll","background-type":"","background-media":"","overlay-type":"","overlay-color":"","overlay-gradient":""},"tablet":{"background-color":"var(--ast-global-color-5)","background-image":"","background-repeat":"repeat","background-position":"center center","background-size":"auto","background-attachment":"scroll","background-type":"","background-media":"","overlay-type":"","overlay-color":"","overlay-gradient":""},"mobile":{"background-color":"var(--ast-global-color-5)","background-image":"","background-repeat":"repeat","background-position":"center center","background-size":"auto","background-attachment":"scroll","background-type":"","background-media":"","overlay-type":"","overlay-color":"","overlay-gradient":""}},"_jetpack_memberships_contains_paid_content":false,"footnotes":"","jetpack_publicize_message":"Accords du non-marchand (suite) : ma question au ministre-pr\u00e9sident Pierre-Yves Jeholet","jetpack_publicize_feature_enabled":true,"jetpack_social_post_already_shared":true,"jetpack_social_options":{"image_generator_settings":{"template":"highway","default_image_id":0,"font":"","enabled":false},"version":2}},"categories":[3],"tags":[],"class_list":["post-1779","post","type-post","status-publish","format-standard","has-post-thumbnail","hentry","category-parlement-fwb"],"jetpack_publicize_connections":[],"jetpack_featured_media_url":"https:\/\/ericlomba.be\/wp\/wp-content\/uploads\/2021\/03\/startup-start-up-people-593343.jpg","jetpack_sharing_enabled":true,"_links":{"self":[{"href":"https:\/\/ericlomba.be\/wp\/wp-json\/wp\/v2\/posts\/1779","targetHints":{"allow":["GET"]}}],"collection":[{"href":"https:\/\/ericlomba.be\/wp\/wp-json\/wp\/v2\/posts"}],"about":[{"href":"https:\/\/ericlomba.be\/wp\/wp-json\/wp\/v2\/types\/post"}],"author":[{"embeddable":true,"href":"https:\/\/ericlomba.be\/wp\/wp-json\/wp\/v2\/users\/2"}],"replies":[{"embeddable":true,"href":"https:\/\/ericlomba.be\/wp\/wp-json\/wp\/v2\/comments?post=1779"}],"version-history":[{"count":2,"href":"https:\/\/ericlomba.be\/wp\/wp-json\/wp\/v2\/posts\/1779\/revisions"}],"predecessor-version":[{"id":1783,"href":"https:\/\/ericlomba.be\/wp\/wp-json\/wp\/v2\/posts\/1779\/revisions\/1783"}],"wp:featuredmedia":[{"embeddable":true,"href":"https:\/\/ericlomba.be\/wp\/wp-json\/wp\/v2\/media\/1782"}],"wp:attachment":[{"href":"https:\/\/ericlomba.be\/wp\/wp-json\/wp\/v2\/media?parent=1779"}],"wp:term":[{"taxonomy":"category","embeddable":true,"href":"https:\/\/ericlomba.be\/wp\/wp-json\/wp\/v2\/categories?post=1779"},{"taxonomy":"post_tag","embeddable":true,"href":"https:\/\/ericlomba.be\/wp\/wp-json\/wp\/v2\/tags?post=1779"}],"curies":[{"name":"wp","href":"https:\/\/api.w.org\/{rel}","templated":true}]}}